{"id":255,"date":"2018-04-23T18:36:15","date_gmt":"2018-04-23T18:36:15","guid":{"rendered":"https:\/\/fgpereira.antadaestria.net\/?p=255"},"modified":"2019-07-24T14:50:29","modified_gmt":"2019-07-24T14:50:29","slug":"o-mundial-de-futebol-de-1966-em-inglaterra","status":"publish","type":"post","link":"https:\/\/fgpereira.antadaestria.net\/?p=255","title":{"rendered":"O Mundial de Futebol de 1966 em Inglaterra"},"content":{"rendered":"<p>No pr\u00f3ximo m\u00eas de Julho haver\u00e1 52 anos que a selec\u00e7\u00e3o portuguesa teve uma presta\u00e7\u00e3o invulgar (\u00e0 \u00e9poca) neste Mundial, classificando-se em 3.\u00ba lugar e perdendo apenas o jogo com a Inglaterra que se sagrou campe\u00e3.<\/p>\n<p><img data-recalc-dims=\"1\" loading=\"lazy\" decoding=\"async\" class=\"aligncenter size-large wp-image-258\" src=\"https:\/\/i0.wp.com\/fgpereira.antadaestria.net\/wp-content\/uploads\/2018\/04\/WC-1966.png?resize=474%2C608&#038;ssl=1\" alt=\"\" width=\"474\" height=\"608\" srcset=\"https:\/\/i0.wp.com\/fgpereira.antadaestria.net\/wp-content\/uploads\/2018\/04\/WC-1966.png?resize=798%2C1024&amp;ssl=1 798w, https:\/\/i0.wp.com\/fgpereira.antadaestria.net\/wp-content\/uploads\/2018\/04\/WC-1966.png?resize=234%2C300&amp;ssl=1 234w, https:\/\/i0.wp.com\/fgpereira.antadaestria.net\/wp-content\/uploads\/2018\/04\/WC-1966.png?resize=768%2C986&amp;ssl=1 768w, https:\/\/i0.wp.com\/fgpereira.antadaestria.net\/wp-content\/uploads\/2018\/04\/WC-1966.png?w=1030&amp;ssl=1 1030w, https:\/\/i0.wp.com\/fgpereira.antadaestria.net\/wp-content\/uploads\/2018\/04\/WC-1966.png?w=948&amp;ssl=1 948w\" sizes=\"auto, (max-width: 474px) 100vw, 474px\" \/><\/p>\n<p>Aproveitamos a oportunidade para divulgar o programa oficial do campeonato do mundo de futebol de 1966 com uma curiosidade:<br \/>\nEste programa foi oferecido a Filipe Gameiro Pereira, que na altura pertencia ao quadro de instrutores dos \u00e1rbitros de futebol da FIFA, pelo arbitro internacional do nosso pa\u00eds, Sr. Joaquim Fernandes Campos,\u00a0 \u00fanico arbitro portugu\u00eas que participou no Campeonato do Mundo de 1966.<br \/>\nDestaca-se a curiosidade de\u00a0 Joaquim Campos ter pedido o \u201caut\u00f3grafo\u201d a todos os \u00e1rbitros participantes como se pode constatar na pagina N.\u00ba 4 desta edi\u00e7\u00e3o.<\/p>\n<figure id=\"attachment_261\" aria-describedby=\"caption-attachment-261\" style=\"width: 474px\" class=\"wp-caption aligncenter\"><img data-recalc-dims=\"1\" loading=\"lazy\" decoding=\"async\" class=\"size-large wp-image-261\" src=\"https:\/\/i0.wp.com\/fgpereira.antadaestria.net\/wp-content\/uploads\/2018\/04\/assinaturas2.png?resize=474%2C611&#038;ssl=1\" alt=\"\" width=\"474\" height=\"611\" srcset=\"https:\/\/i0.wp.com\/fgpereira.antadaestria.net\/wp-content\/uploads\/2018\/04\/assinaturas2.png?resize=794%2C1024&amp;ssl=1 794w, https:\/\/i0.wp.com\/fgpereira.antadaestria.net\/wp-content\/uploads\/2018\/04\/assinaturas2.png?resize=233%2C300&amp;ssl=1 233w, https:\/\/i0.wp.com\/fgpereira.antadaestria.net\/wp-content\/uploads\/2018\/04\/assinaturas2.png?resize=768%2C990&amp;ssl=1 768w, https:\/\/i0.wp.com\/fgpereira.antadaestria.net\/wp-content\/uploads\/2018\/04\/assinaturas2.png?w=1036&amp;ssl=1 1036w, https:\/\/i0.wp.com\/fgpereira.antadaestria.net\/wp-content\/uploads\/2018\/04\/assinaturas2.png?w=948&amp;ssl=1 948w\" sizes=\"auto, (max-width: 474px) 100vw, 474px\" \/><figcaption id=\"caption-attachment-261\" class=\"wp-caption-text\">Assinaturas dos \u00e1rbitros participantes no mundial de 1966<\/figcaption><\/figure>\n<div class=\"page\" title=\"Page 74\">\n<div class=\"layoutArea\">\n<div class=\"column\">\n<div class=\"page\" title=\"Page 74\">\n<div class=\"layoutArea\">\n<div class=\"column\">\n<h5>Informa\u00e7\u00e3o Importante<\/h5>\n<p>N\u00e3o e permitida c\u00f3pia ou uso de qualquer conte\u00fado (imagem, texto, etc) desta edi\u00e7\u00e3o sem pr\u00e9via autoriza\u00e7\u00e3o.<br \/>\nE\u0301 permitida a partilha excepto para uso comercial.<\/p>\n<\/div>\n<\/div>\n<\/div>\n<\/div>\n<\/div>\n<\/div>\n","protected":false},"excerpt":{"rendered":"<p>No pr\u00f3ximo m\u00eas de Julho haver\u00e1 52 anos que a selec\u00e7\u00e3o portuguesa teve uma presta\u00e7\u00e3o invulgar (\u00e0 \u00e9poca) neste Mundial, classificando-se em 3.\u00ba lugar e perdendo apenas o jogo com a Inglaterra que se sagrou campe\u00e3. Aproveitamos a oportunidade para divulgar o programa oficial do campeonato do mundo de futebol de 1966 com uma curiosidade: &hellip; <a href=\"https:\/\/fgpereira.antadaestria.net\/?p=255\" class=\"more-link\">Continuar a ler<span class=\"screen-reader-text\">O Mundial de Futebol de 1966 em Inglaterra<\/span> <span class=\"meta-nav\">&rarr;<\/span><\/a><\/p>\n","protected":false},"author":1,"featured_media":0,"comment_status":"open","ping_status":"closed","sticky":false,"template":"","format":"standard","meta":{"jetpack_post_was_ever_published":false,"_jetpack_newsletter_access":"","_jetpack_dont_email_post_to_subs":false,"_jetpack_newsletter_tier_id":0,"_jetpack_memberships_contains_paywalled_content":false,"_jetpack_memberships_contains_paid_content":false,"footnotes":"","jetpack_publicize_message":"","jetpack_publicize_feature_enabled":true,"jetpack_social_post_already_shared":false,"jetpack_social_options":{"image_generator_settings":{"template":"highway","default_image_id":0,"font":"","enabled":false},"version":2}},"categories":[15,3],"tags":[16],"class_list":["post-255","post","type-post","status-publish","format-standard","hentry","category-campeonato-mundial-de-futebol-1966","category-historia-do-futebol","tag-campeonato-mundial-de-futebol"],"jetpack_publicize_connections":[],"jetpack_featured_media_url":"","jetpack_sharing_enabled":true,"_links":{"self":[{"href":"https:\/\/fgpereira.antadaestria.net\/index.php?rest_route=\/wp\/v2\/posts\/255","targetHints":{"allow":["GET"]}}],"collection":[{"href":"https:\/\/fgpereira.antadaestria.net\/index.php?rest_route=\/wp\/v2\/posts"}],"about":[{"href":"https:\/\/fgpereira.antadaestria.net\/index.php?rest_route=\/wp\/v2\/types\/post"}],"author":[{"embeddable":true,"href":"https:\/\/fgpereira.antadaestria.net\/index.php?rest_route=\/wp\/v2\/users\/1"}],"replies":[{"embeddable":true,"href":"https:\/\/fgpereira.antadaestria.net\/index.php?rest_route=%2Fwp%2Fv2%2Fcomments&post=255"}],"version-history":[{"count":6,"href":"https:\/\/fgpereira.antadaestria.net\/index.php?rest_route=\/wp\/v2\/posts\/255\/revisions"}],"predecessor-version":[{"id":266,"href":"https:\/\/fgpereira.antadaestria.net\/index.php?rest_route=\/wp\/v2\/posts\/255\/revisions\/266"}],"wp:attachment":[{"href":"https:\/\/fgpereira.antadaestria.net\/index.php?rest_route=%2Fwp%2Fv2%2Fmedia&parent=255"}],"wp:term":[{"taxonomy":"category","embeddable":true,"href":"https:\/\/fgpereira.antadaestria.net\/index.php?rest_route=%2Fwp%2Fv2%2Fcategories&post=255"},{"taxonomy":"post_tag","embeddable":true,"href":"https:\/\/fgpereira.antadaestria.net\/index.php?rest_route=%2Fwp%2Fv2%2Ftags&post=255"}],"curies":[{"name":"wp","href":"https:\/\/api.w.org\/{rel}","templated":true}]}}