{"id":47,"date":"2008-07-14T14:41:25","date_gmt":"2008-07-14T13:41:25","guid":{"rendered":"http:\/\/fgpereira.wordpress.com\/?p=47"},"modified":"2017-07-22T15:08:10","modified_gmt":"2017-07-22T15:08:10","slug":"do-filme-o-leao-da-estrela","status":"publish","type":"post","link":"https:\/\/fgpereira.antadaestria.net\/?p=47","title":{"rendered":"Do filme &#8220;O Le\u00e3o da Estrela&#8221;"},"content":{"rendered":"<p style=\"text-align: center;\"><img data-recalc-dims=\"1\" loading=\"lazy\" decoding=\"async\" class=\"aligncenter size-full wp-image-224\" src=\"https:\/\/i0.wp.com\/fgpereira.antadaestria.net\/wp-content\/uploads\/2017\/07\/lea%CC%83o-da-estre%CC%82la.jpg?resize=474%2C366&#038;ssl=1\" alt=\"\" width=\"474\" height=\"366\" srcset=\"https:\/\/i0.wp.com\/fgpereira.antadaestria.net\/wp-content\/uploads\/2017\/07\/lea%CC%83o-da-estre%CC%82la.jpg?w=1000&amp;ssl=1 1000w, https:\/\/i0.wp.com\/fgpereira.antadaestria.net\/wp-content\/uploads\/2017\/07\/lea%CC%83o-da-estre%CC%82la.jpg?resize=300%2C232&amp;ssl=1 300w, https:\/\/i0.wp.com\/fgpereira.antadaestria.net\/wp-content\/uploads\/2017\/07\/lea%CC%83o-da-estre%CC%82la.jpg?resize=768%2C593&amp;ssl=1 768w, https:\/\/i0.wp.com\/fgpereira.antadaestria.net\/wp-content\/uploads\/2017\/07\/lea%CC%83o-da-estre%CC%82la.jpg?w=948&amp;ssl=1 948w\" sizes=\"auto, (max-width: 474px) 100vw, 474px\" \/><\/p>\n<p style=\"text-align: center;\"><strong>Nota escrita por FGP nas costas da foto:<\/strong><\/p>\n<p style=\"text-align: center;\"><em><strong>do filme &#8220;O Le\u00e3o da Estrela&#8221;<\/strong><\/em><\/p>\n<p style=\"text-align: center;\"><em>Cenas filmadas nos est\u00fadios do Lumiar em 18 de Agosto de 1947<br \/>\nRealizador do filme: Artur Duarte<br \/>\nPrincipal int\u00e9rprete: Ant\u00f3nio Silva<\/em><\/p>\n<p style=\"text-align: center;\"><em>Na foto da esquerda para a direita:<br \/>\nTravassos e Ver\u00edssimo,<br \/>\nao centro Filipe Gameiro Pereira, \u00e1rbitro da A.F.L.,<br \/>\nCan\u00e1rio e Manuel Marques<br \/>\n<img data-recalc-dims=\"1\" loading=\"lazy\" decoding=\"async\" class=\"aligncenter size-full wp-image-223\" src=\"https:\/\/i0.wp.com\/fgpereira.antadaestria.net\/wp-content\/uploads\/2017\/07\/CapturaEcra3.png?resize=474%2C344&#038;ssl=1\" alt=\"\" width=\"474\" height=\"344\" srcset=\"https:\/\/i0.wp.com\/fgpereira.antadaestria.net\/wp-content\/uploads\/2017\/07\/CapturaEcra3.png?w=640&amp;ssl=1 640w, https:\/\/i0.wp.com\/fgpereira.antadaestria.net\/wp-content\/uploads\/2017\/07\/CapturaEcra3.png?resize=300%2C218&amp;ssl=1 300w\" sizes=\"auto, (max-width: 474px) 100vw, 474px\" \/><br \/>\n<\/em><a href=\"https:\/\/youtu.be\/pc3KEcUqXEY\" target=\"_blank\" rel=\"noopener\"><strong>para recordar o grande Ant\u00f3nio Silva<\/strong><\/a><\/p>\n","protected":false},"excerpt":{"rendered":"<p>Nota escrita por FGP nas costas da foto: do filme &#8220;O Le\u00e3o da Estrela&#8221; Cenas filmadas nos est\u00fadios do Lumiar em 18 de Agosto de 1947 Realizador do filme: Artur Duarte Principal int\u00e9rprete: Ant\u00f3nio Silva Na foto da esquerda para a direita: Travassos e Ver\u00edssimo, ao centro Filipe Gameiro Pereira, \u00e1rbitro da A.F.L., Can\u00e1rio e &hellip; <a href=\"https:\/\/fgpereira.antadaestria.net\/?p=47\" class=\"more-link\">Continuar a ler<span class=\"screen-reader-text\">Do filme &#8220;O Le\u00e3o da Estrela&#8221;<\/span> <span class=\"meta-nav\">&rarr;<\/span><\/a><\/p>\n","protected":false},"author":1,"featured_media":0,"comment_status":"open","ping_status":"closed","sticky":false,"template":"","format":"standard","meta":{"jetpack_post_was_ever_published":false,"_jetpack_newsletter_access":"","_jetpack_dont_email_post_to_subs":false,"_jetpack_newsletter_tier_id":0,"_jetpack_memberships_contains_paywalled_content":false,"_jetpack_memberships_contains_paid_content":false,"footnotes":"","jetpack_publicize_message":"","jetpack_publicize_feature_enabled":true,"jetpack_social_post_already_shared":false,"jetpack_social_options":{"image_generator_settings":{"template":"highway","default_image_id":0,"font":"","enabled":false},"version":2}},"categories":[2],"tags":[],"class_list":["post-47","post","type-post","status-publish","format-standard","hentry","category-curiosidades"],"jetpack_publicize_connections":[],"jetpack_featured_media_url":"","jetpack_sharing_enabled":true,"_links":{"self":[{"href":"https:\/\/fgpereira.antadaestria.net\/index.php?rest_route=\/wp\/v2\/posts\/47","targetHints":{"allow":["GET"]}}],"collection":[{"href":"https:\/\/fgpereira.antadaestria.net\/index.php?rest_route=\/wp\/v2\/posts"}],"about":[{"href":"https:\/\/fgpereira.antadaestria.net\/index.php?rest_route=\/wp\/v2\/types\/post"}],"author":[{"embeddable":true,"href":"https:\/\/fgpereira.antadaestria.net\/index.php?rest_route=\/wp\/v2\/users\/1"}],"replies":[{"embeddable":true,"href":"https:\/\/fgpereira.antadaestria.net\/index.php?rest_route=%2Fwp%2Fv2%2Fcomments&post=47"}],"version-history":[{"count":7,"href":"https:\/\/fgpereira.antadaestria.net\/index.php?rest_route=\/wp\/v2\/posts\/47\/revisions"}],"predecessor-version":[{"id":225,"href":"https:\/\/fgpereira.antadaestria.net\/index.php?rest_route=\/wp\/v2\/posts\/47\/revisions\/225"}],"wp:attachment":[{"href":"https:\/\/fgpereira.antadaestria.net\/index.php?rest_route=%2Fwp%2Fv2%2Fmedia&parent=47"}],"wp:term":[{"taxonomy":"category","embeddable":true,"href":"https:\/\/fgpereira.antadaestria.net\/index.php?rest_route=%2Fwp%2Fv2%2Fcategories&post=47"},{"taxonomy":"post_tag","embeddable":true,"href":"https:\/\/fgpereira.antadaestria.net\/index.php?rest_route=%2Fwp%2Fv2%2Ftags&post=47"}],"curies":[{"name":"wp","href":"https:\/\/api.w.org\/{rel}","templated":true}]}}